{"id":4382,"date":"2026-01-22T20:36:45","date_gmt":"2026-01-23T01:36:45","guid":{"rendered":"https:\/\/muertedepabloescobar.com\/?p=4382"},"modified":"2026-01-27T12:19:12","modified_gmt":"2026-01-27T17:19:12","slug":"mas-alla-del-2-de-diciembre-por-que-la-violencia-no-termino-y-como-medellin-resistio","status":"publish","type":"post","link":"https:\/\/muertedepabloescobar.com\/?p=4382","title":{"rendered":"M\u00e1s all\u00e1 del 2 de diciembre: por qu\u00e9 la violencia no termin\u00f3 y c\u00f3mo Medell\u00edn resisti\u00f3"},"content":{"rendered":"<p data-start=\"10447\" data-end=\"10950\">El 2 de diciembre de 1993 es una fecha inevitable en la historia de Medell\u00edn. Para muchas personas, dentro y fuera de Colombia, fue interpretada como un cierre definitivo. Sin embargo, las memorias documentadas de la ciudad insisten en una idea clave: la violencia no se fue con la muerte de Pablo Escobar; cambi\u00f3 de forma, de actores y de territorios. Entender esta continuidad ayuda a evitar lecturas simplistas y a reconocer la experiencia de quienes vivieron la \u00e9poca sin convertirla en espect\u00e1culo.<\/p>\n<h2 data-start=\"10952\" data-end=\"11013\"><strong data-start=\"10952\" data-end=\"11013\">La \u201cfalsa ilusi\u00f3n\u201d de paz y la mutaci\u00f3n de las violencias<\/strong><\/h2>\n<p data-start=\"11015\" data-end=\"11525\">Una mirada pedag\u00f3gica debe advertir sobre el riesgo de los relatos de \u201cantes y despu\u00e9s\u201d demasiado limpios. En Medell\u00edn, varias violencias se superpusieron: conflictos entre grupos armados, presiones sobre barrios, persecuciones, amenazas y formas de control social. Por eso, el quiebre de 1993 fue importante, pero no equivalente a paz autom\u00e1tica. En memorias institucionales se describe una \u201cfalsa ilusi\u00f3n de paz\u201d tras esa muerte, porque la guerra no termin\u00f3: se transform\u00f3 y otros ocuparon espacios de poder.<\/p>\n<h2 data-start=\"11527\" data-end=\"11591\"><strong data-start=\"11527\" data-end=\"11591\">Resistencia cotidiana: cultura, comunidad y derechos humanos<\/strong><\/h2>\n<p data-start=\"11593\" data-end=\"12120\">En medio de la crisis, muchas comunidades sostuvieron la vida con estrategias no violentas: organizaciones sociales, proyectos culturales, redes barriales, defensa de derechos humanos, encuentros comunitarios. Esta dimensi\u00f3n es fundamental para comprender la transformaci\u00f3n posterior de Medell\u00edn, porque muestra que la ciudad no fue \u00fanicamente un escenario de violencia, sino tambi\u00e9n un lugar de agencia social. La resistencia no siempre fue visible en medios; a veces ocurri\u00f3 en talleres, comparsas y bibliotecas comunitarias.<\/p>\n<h2 data-start=\"12122\" data-end=\"12183\"><strong data-start=\"12122\" data-end=\"12183\">Fuentes y contexto: aprender con documentos, no con mitos<\/strong><\/h2>\n<p data-start=\"12185\" data-end=\"12629\">Para entender los a\u00f1os 90 es mejor apoyarse en informes, archivos y proyectos de memoria que en versiones simplificadas. Contrastar materiales permite reconocer la diversidad de experiencias: no todos los barrios vivieron lo mismo, ni todas las instituciones respondieron igual. Aprender con fuentes tambi\u00e9n ayuda a sostener conversaciones m\u00e1s humanas, donde el centro no es la fama del victimario, sino la dignidad de quienes fueron afectados.<\/p>\n<h2 data-start=\"12631\" data-end=\"12672\"><strong data-start=\"12631\" data-end=\"12672\">C\u00f3mo narrar estos a\u00f1os sin glorificar<\/strong><\/h2>\n<p data-start=\"12674\" data-end=\"13152\">La responsabilidad hist\u00f3rica implica cuidar el lenguaje y el foco. No se trata de alimentar curiosidad morbosa, sino de comprender causas y consecuencias: instituciones debilitadas, econom\u00edas ilegales, desigualdad, estigmas y decisiones pol\u00edticas. Una narrativa respetuosa evita detalles que exaltan la violencia y, en cambio, pregunta por aprendizajes: \u00bfqu\u00e9 permiti\u00f3 que se normalizara el miedo?, \u00bfqu\u00e9 acciones ayudaron a recuperar confianza?, \u00bfqu\u00e9 rol jugaron las comunidades?<\/p>\n<h2 data-start=\"13154\" data-end=\"13187\"><strong data-start=\"13154\" data-end=\"13187\">Visitar con enfoque educativo<\/strong><\/h2>\n<p data-start=\"13189\" data-end=\"13451\">Si eres parte de una audiencia interesada en la transformaci\u00f3n de Medell\u00edn, prioriza espacios que trabajan memoria y educaci\u00f3n. All\u00ed es posible acceder a fuentes, contextos y testimonios que ampl\u00edan la comprensi\u00f3n del periodo y honran a quienes fueron afectados.<\/p>\n<p data-start=\"13453\" data-end=\"13706\">Referencia verificable: PDF \u201cMEDELL\u00cdN|ES 70, 80, 90. Memorias por contar\u201d (Museo Casa de la Memoria): <a class=\"decorated-link\" href=\"https:\/\/www.museocasadelamemoria.gov.co\/wp-content\/uploads\/2024\/10\/Medellin-Es-70-80-90-memorias-por-contar-1.pdf?utm_source=chatgpt.com\" target=\"_new\" rel=\"noopener\" data-start=\"13555\" data-end=\"13668\">https:\/\/www.museocasadelamemoria.gov.co\/wp-content\/uploads\/2024\/10\/Medellin-Es-70-80-90-memorias-por-contar-1.pdf<\/a><\/p>\n<p data-start=\"13708\" data-end=\"13839\">Para profundizar con una visita responsable, consulta el museo oficial y sus recursos pedag\u00f3gicos: <a class=\"decorated-link\" href=\"https:\/\/pabloescobargaviria.com\/\" target=\"_new\" rel=\"noopener\" data-start=\"13807\" data-end=\"13839\">https:\/\/pabloescobargaviria.com\/<\/a><\/p>\n","protected":false},"excerpt":{"rendered":"<p>El 2 de diciembre de 1993 es una fecha inevitable  [&#8230;]<\/p>\n","protected":false},"author":2,"featured_media":4383,"comment_status":"open","ping_status":"open","sticky":false,"template":"","format":"standard","meta":{"footnotes":""},"categories":[1],"tags":[],"class_list":["post-4382","post","type-post","status-publish","format-standard","has-post-thumbnail","hentry","category-uncategorized"],"yoast_head":"<!-- This site is optimized with the Yoast SEO plugin v26.8 - https:\/\/yoast.com\/product\/yoast-seo-wordpress\/ -->\n<title>M\u00e1s all\u00e1 del 2 de diciembre: por qu\u00e9 la violencia no termin\u00f3 y c\u00f3mo Medell\u00edn resisti\u00f3 - La Muerte de Pablo Escobar<\/title>\n<meta name=\"robots\" content=\"index, follow, max-snippet:-1, max-image-preview:large, max-video-preview:-1\" \/>\n<link rel=\"canonical\" href=\"https:\/\/muertedepabloescobar.com\/?p=4382\" \/>\n<meta property=\"og:locale\" content=\"es_ES\" \/>\n<meta property=\"og:type\" content=\"article\" \/>\n<meta property=\"og:title\" content=\"M\u00e1s all\u00e1 del 2 de diciembre: por qu\u00e9 la violencia no termin\u00f3 y c\u00f3mo Medell\u00edn resisti\u00f3 - La Muerte de Pablo Escobar\" \/>\n<meta property=\"og:description\" content=\"El 2 de diciembre de 1993 es una fecha inevitable [...]\" \/>\n<meta property=\"og:url\" content=\"https:\/\/muertedepabloescobar.com\/?p=4382\" \/>\n<meta property=\"og:site_name\" content=\"La Muerte de Pablo Escobar\" \/>\n<meta property=\"article:published_time\" content=\"2026-01-23T01:36:45+00:00\" \/>\n<meta property=\"article:modified_time\" content=\"2026-01-27T17:19:12+00:00\" \/>\n<meta property=\"og:image\" content=\"https:\/\/muertedepabloescobar.com\/wp-content\/uploads\/2026\/01\/14102022-20-aos-de-Operacion-Orion.jpeg\" \/>\n\t<meta property=\"og:image:width\" content=\"750\" \/>\n\t<meta property=\"og:image:height\" content=\"300\" \/>\n\t<meta property=\"og:image:type\" content=\"image\/jpeg\" \/>\n<meta name=\"author\" content=\"Administrador\" \/>\n<meta name=\"twitter:card\" content=\"summary_large_image\" \/>\n<meta name=\"twitter:label1\" content=\"Escrito por\" \/>\n\t<meta name=\"twitter:data1\" content=\"Administrador\" \/>\n\t<meta name=\"twitter:label2\" content=\"Tiempo de lectura\" \/>\n\t<meta name=\"twitter:data2\" content=\"3 minutos\" \/>\n<script type=\"application\/ld+json\" class=\"yoast-schema-graph\">{\"@context\":\"https:\/\/schema.org\",\"@graph\":[{\"@type\":\"Article\",\"@id\":\"https:\/\/muertedepabloescobar.com\/?p=4382#article\",\"isPartOf\":{\"@id\":\"https:\/\/muertedepabloescobar.com\/?p=4382\"},\"author\":{\"name\":\"Administrador\",\"@id\":\"https:\/\/muertedepabloescobar.com\/#\/schema\/person\/29fd12b8de2dff0c9d47d7b81b080b92\"},\"headline\":\"M\u00e1s all\u00e1 del 2 de diciembre: por qu\u00e9 la violencia no termin\u00f3 y c\u00f3mo Medell\u00edn resisti\u00f3\",\"datePublished\":\"2026-01-23T01:36:45+00:00\",\"dateModified\":\"2026-01-27T17:19:12+00:00\",\"mainEntityOfPage\":{\"@id\":\"https:\/\/muertedepabloescobar.com\/?p=4382\"},\"wordCount\":525,\"commentCount\":0,\"publisher\":{\"@id\":\"https:\/\/muertedepabloescobar.com\/#organization\"},\"image\":{\"@id\":\"https:\/\/muertedepabloescobar.com\/?p=4382#primaryimage\"},\"thumbnailUrl\":\"https:\/\/muertedepabloescobar.com\/wp-content\/uploads\/2026\/01\/14102022-20-aos-de-Operacion-Orion.jpeg\",\"articleSection\":[\"Uncategorized\"],\"inLanguage\":\"es\",\"potentialAction\":[{\"@type\":\"CommentAction\",\"name\":\"Comment\",\"target\":[\"https:\/\/muertedepabloescobar.com\/?p=4382#respond\"]}]},{\"@type\":\"WebPage\",\"@id\":\"https:\/\/muertedepabloescobar.com\/?p=4382\",\"url\":\"https:\/\/muertedepabloescobar.com\/?p=4382\",\"name\":\"M\u00e1s all\u00e1 del 2 de diciembre: por qu\u00e9 la violencia no termin\u00f3 y c\u00f3mo Medell\u00edn resisti\u00f3 - La Muerte de Pablo Escobar\",\"isPartOf\":{\"@id\":\"https:\/\/muertedepabloescobar.com\/#website\"},\"primaryImageOfPage\":{\"@id\":\"https:\/\/muertedepabloescobar.com\/?p=4382#primaryimage\"},\"image\":{\"@id\":\"https:\/\/muertedepabloescobar.com\/?p=4382#primaryimage\"},\"thumbnailUrl\":\"https:\/\/muertedepabloescobar.com\/wp-content\/uploads\/2026\/01\/14102022-20-aos-de-Operacion-Orion.jpeg\",\"datePublished\":\"2026-01-23T01:36:45+00:00\",\"dateModified\":\"2026-01-27T17:19:12+00:00\",\"breadcrumb\":{\"@id\":\"https:\/\/muertedepabloescobar.com\/?p=4382#breadcrumb\"},\"inLanguage\":\"es\",\"potentialAction\":[{\"@type\":\"ReadAction\",\"target\":[\"https:\/\/muertedepabloescobar.com\/?p=4382\"]}]},{\"@type\":\"ImageObject\",\"inLanguage\":\"es\",\"@id\":\"https:\/\/muertedepabloescobar.com\/?p=4382#primaryimage\",\"url\":\"https:\/\/muertedepabloescobar.com\/wp-content\/uploads\/2026\/01\/14102022-20-aos-de-Operacion-Orion.jpeg\",\"contentUrl\":\"https:\/\/muertedepabloescobar.com\/wp-content\/uploads\/2026\/01\/14102022-20-aos-de-Operacion-Orion.jpeg\",\"width\":750,\"height\":300},{\"@type\":\"BreadcrumbList\",\"@id\":\"https:\/\/muertedepabloescobar.com\/?p=4382#breadcrumb\",\"itemListElement\":[{\"@type\":\"ListItem\",\"position\":1,\"name\":\"Portada\",\"item\":\"https:\/\/muertedepabloescobar.com\/\"},{\"@type\":\"ListItem\",\"position\":2,\"name\":\"M\u00e1s all\u00e1 del 2 de diciembre: por qu\u00e9 la violencia no termin\u00f3 y c\u00f3mo Medell\u00edn resisti\u00f3\"}]},{\"@type\":\"WebSite\",\"@id\":\"https:\/\/muertedepabloescobar.com\/#website\",\"url\":\"https:\/\/muertedepabloescobar.com\/\",\"name\":\"La Muerte de Pablo Escobar\",\"description\":\"\",\"publisher\":{\"@id\":\"https:\/\/muertedepabloescobar.com\/#organization\"},\"potentialAction\":[{\"@type\":\"SearchAction\",\"target\":{\"@type\":\"EntryPoint\",\"urlTemplate\":\"https:\/\/muertedepabloescobar.com\/?s={search_term_string}\"},\"query-input\":{\"@type\":\"PropertyValueSpecification\",\"valueRequired\":true,\"valueName\":\"search_term_string\"}}],\"inLanguage\":\"es\"},{\"@type\":\"Organization\",\"@id\":\"https:\/\/muertedepabloescobar.com\/#organization\",\"name\":\"La Muerte de Pablo Escobar\",\"url\":\"https:\/\/muertedepabloescobar.com\/\",\"logo\":{\"@type\":\"ImageObject\",\"inLanguage\":\"es\",\"@id\":\"https:\/\/muertedepabloescobar.com\/#\/schema\/logo\/image\/\",\"url\":\"https:\/\/muertedepabloescobar.com\/wp-content\/uploads\/2026\/01\/logo-pablo-escobar-dead-1.png\",\"contentUrl\":\"https:\/\/muertedepabloescobar.com\/wp-content\/uploads\/2026\/01\/logo-pablo-escobar-dead-1.png\",\"width\":593,\"height\":517,\"caption\":\"La Muerte de Pablo Escobar\"},\"image\":{\"@id\":\"https:\/\/muertedepabloescobar.com\/#\/schema\/logo\/image\/\"}},{\"@type\":\"Person\",\"@id\":\"https:\/\/muertedepabloescobar.com\/#\/schema\/person\/29fd12b8de2dff0c9d47d7b81b080b92\",\"name\":\"Administrador\",\"image\":{\"@type\":\"ImageObject\",\"inLanguage\":\"es\",\"@id\":\"https:\/\/muertedepabloescobar.com\/#\/schema\/person\/image\/\",\"url\":\"https:\/\/muertedepabloescobar.com\/wp-content\/litespeed\/avatar\/59afa9a3e8f26ada2a68b60d8630b706.jpg?ver=1777450194\",\"contentUrl\":\"https:\/\/muertedepabloescobar.com\/wp-content\/litespeed\/avatar\/59afa9a3e8f26ada2a68b60d8630b706.jpg?ver=1777450194\",\"caption\":\"Administrador\"},\"url\":\"https:\/\/muertedepabloescobar.com\/?author=2\"}]}<\/script>\n<!-- \/ Yoast SEO plugin. -->","yoast_head_json":{"title":"M\u00e1s all\u00e1 del 2 de diciembre: por qu\u00e9 la violencia no termin\u00f3 y c\u00f3mo Medell\u00edn resisti\u00f3 - La Muerte de Pablo Escobar","robots":{"index":"index","follow":"follow","max-snippet":"max-snippet:-1","max-image-preview":"max-image-preview:large","max-video-preview":"max-video-preview:-1"},"canonical":"https:\/\/muertedepabloescobar.com\/?p=4382","og_locale":"es_ES","og_type":"article","og_title":"M\u00e1s all\u00e1 del 2 de diciembre: por qu\u00e9 la violencia no termin\u00f3 y c\u00f3mo Medell\u00edn resisti\u00f3 - La Muerte de Pablo Escobar","og_description":"El 2 de diciembre de 1993 es una fecha inevitable [...]","og_url":"https:\/\/muertedepabloescobar.com\/?p=4382","og_site_name":"La Muerte de Pablo Escobar","article_published_time":"2026-01-23T01:36:45+00:00","article_modified_time":"2026-01-27T17:19:12+00:00","og_image":[{"width":750,"height":300,"url":"https:\/\/muertedepabloescobar.com\/wp-content\/uploads\/2026\/01\/14102022-20-aos-de-Operacion-Orion.jpeg","type":"image\/jpeg"}],"author":"Administrador","twitter_card":"summary_large_image","twitter_misc":{"Escrito por":"Administrador","Tiempo de lectura":"3 minutos"},"schema":{"@context":"https:\/\/schema.org","@graph":[{"@type":"Article","@id":"https:\/\/muertedepabloescobar.com\/?p=4382#article","isPartOf":{"@id":"https:\/\/muertedepabloescobar.com\/?p=4382"},"author":{"name":"Administrador","@id":"https:\/\/muertedepabloescobar.com\/#\/schema\/person\/29fd12b8de2dff0c9d47d7b81b080b92"},"headline":"M\u00e1s all\u00e1 del 2 de diciembre: por qu\u00e9 la violencia no termin\u00f3 y c\u00f3mo Medell\u00edn resisti\u00f3","datePublished":"2026-01-23T01:36:45+00:00","dateModified":"2026-01-27T17:19:12+00:00","mainEntityOfPage":{"@id":"https:\/\/muertedepabloescobar.com\/?p=4382"},"wordCount":525,"commentCount":0,"publisher":{"@id":"https:\/\/muertedepabloescobar.com\/#organization"},"image":{"@id":"https:\/\/muertedepabloescobar.com\/?p=4382#primaryimage"},"thumbnailUrl":"https:\/\/muertedepabloescobar.com\/wp-content\/uploads\/2026\/01\/14102022-20-aos-de-Operacion-Orion.jpeg","articleSection":["Uncategorized"],"inLanguage":"es","potentialAction":[{"@type":"CommentAction","name":"Comment","target":["https:\/\/muertedepabloescobar.com\/?p=4382#respond"]}]},{"@type":"WebPage","@id":"https:\/\/muertedepabloescobar.com\/?p=4382","url":"https:\/\/muertedepabloescobar.com\/?p=4382","name":"M\u00e1s all\u00e1 del 2 de diciembre: por qu\u00e9 la violencia no termin\u00f3 y c\u00f3mo Medell\u00edn resisti\u00f3 - La Muerte de Pablo Escobar","isPartOf":{"@id":"https:\/\/muertedepabloescobar.com\/#website"},"primaryImageOfPage":{"@id":"https:\/\/muertedepabloescobar.com\/?p=4382#primaryimage"},"image":{"@id":"https:\/\/muertedepabloescobar.com\/?p=4382#primaryimage"},"thumbnailUrl":"https:\/\/muertedepabloescobar.com\/wp-content\/uploads\/2026\/01\/14102022-20-aos-de-Operacion-Orion.jpeg","datePublished":"2026-01-23T01:36:45+00:00","dateModified":"2026-01-27T17:19:12+00:00","breadcrumb":{"@id":"https:\/\/muertedepabloescobar.com\/?p=4382#breadcrumb"},"inLanguage":"es","potentialAction":[{"@type":"ReadAction","target":["https:\/\/muertedepabloescobar.com\/?p=4382"]}]},{"@type":"ImageObject","inLanguage":"es","@id":"https:\/\/muertedepabloescobar.com\/?p=4382#primaryimage","url":"https:\/\/muertedepabloescobar.com\/wp-content\/uploads\/2026\/01\/14102022-20-aos-de-Operacion-Orion.jpeg","contentUrl":"https:\/\/muertedepabloescobar.com\/wp-content\/uploads\/2026\/01\/14102022-20-aos-de-Operacion-Orion.jpeg","width":750,"height":300},{"@type":"BreadcrumbList","@id":"https:\/\/muertedepabloescobar.com\/?p=4382#breadcrumb","itemListElement":[{"@type":"ListItem","position":1,"name":"Portada","item":"https:\/\/muertedepabloescobar.com\/"},{"@type":"ListItem","position":2,"name":"M\u00e1s all\u00e1 del 2 de diciembre: por qu\u00e9 la violencia no termin\u00f3 y c\u00f3mo Medell\u00edn resisti\u00f3"}]},{"@type":"WebSite","@id":"https:\/\/muertedepabloescobar.com\/#website","url":"https:\/\/muertedepabloescobar.com\/","name":"La Muerte de Pablo Escobar","description":"","publisher":{"@id":"https:\/\/muertedepabloescobar.com\/#organization"},"potentialAction":[{"@type":"SearchAction","target":{"@type":"EntryPoint","urlTemplate":"https:\/\/muertedepabloescobar.com\/?s={search_term_string}"},"query-input":{"@type":"PropertyValueSpecification","valueRequired":true,"valueName":"search_term_string"}}],"inLanguage":"es"},{"@type":"Organization","@id":"https:\/\/muertedepabloescobar.com\/#organization","name":"La Muerte de Pablo Escobar","url":"https:\/\/muertedepabloescobar.com\/","logo":{"@type":"ImageObject","inLanguage":"es","@id":"https:\/\/muertedepabloescobar.com\/#\/schema\/logo\/image\/","url":"https:\/\/muertedepabloescobar.com\/wp-content\/uploads\/2026\/01\/logo-pablo-escobar-dead-1.png","contentUrl":"https:\/\/muertedepabloescobar.com\/wp-content\/uploads\/2026\/01\/logo-pablo-escobar-dead-1.png","width":593,"height":517,"caption":"La Muerte de Pablo Escobar"},"image":{"@id":"https:\/\/muertedepabloescobar.com\/#\/schema\/logo\/image\/"}},{"@type":"Person","@id":"https:\/\/muertedepabloescobar.com\/#\/schema\/person\/29fd12b8de2dff0c9d47d7b81b080b92","name":"Administrador","image":{"@type":"ImageObject","inLanguage":"es","@id":"https:\/\/muertedepabloescobar.com\/#\/schema\/person\/image\/","url":"https:\/\/muertedepabloescobar.com\/wp-content\/litespeed\/avatar\/59afa9a3e8f26ada2a68b60d8630b706.jpg?ver=1777450194","contentUrl":"https:\/\/muertedepabloescobar.com\/wp-content\/litespeed\/avatar\/59afa9a3e8f26ada2a68b60d8630b706.jpg?ver=1777450194","caption":"Administrador"},"url":"https:\/\/muertedepabloescobar.com\/?author=2"}]}},"_links":{"self":[{"href":"https:\/\/muertedepabloescobar.com\/index.php?rest_route=\/wp\/v2\/posts\/4382","targetHints":{"allow":["GET"]}}],"collection":[{"href":"https:\/\/muertedepabloescobar.com\/index.php?rest_route=\/wp\/v2\/posts"}],"about":[{"href":"https:\/\/muertedepabloescobar.com\/index.php?rest_route=\/wp\/v2\/types\/post"}],"author":[{"embeddable":true,"href":"https:\/\/muertedepabloescobar.com\/index.php?rest_route=\/wp\/v2\/users\/2"}],"replies":[{"embeddable":true,"href":"https:\/\/muertedepabloescobar.com\/index.php?rest_route=%2Fwp%2Fv2%2Fcomments&post=4382"}],"version-history":[{"count":2,"href":"https:\/\/muertedepabloescobar.com\/index.php?rest_route=\/wp\/v2\/posts\/4382\/revisions"}],"predecessor-version":[{"id":4385,"href":"https:\/\/muertedepabloescobar.com\/index.php?rest_route=\/wp\/v2\/posts\/4382\/revisions\/4385"}],"wp:featuredmedia":[{"embeddable":true,"href":"https:\/\/muertedepabloescobar.com\/index.php?rest_route=\/wp\/v2\/media\/4383"}],"wp:attachment":[{"href":"https:\/\/muertedepabloescobar.com\/index.php?rest_route=%2Fwp%2Fv2%2Fmedia&parent=4382"}],"wp:term":[{"taxonomy":"category","embeddable":true,"href":"https:\/\/muertedepabloescobar.com\/index.php?rest_route=%2Fwp%2Fv2%2Fcategories&post=4382"},{"taxonomy":"post_tag","embeddable":true,"href":"https:\/\/muertedepabloescobar.com\/index.php?rest_route=%2Fwp%2Fv2%2Ftags&post=4382"}],"curies":[{"name":"wp","href":"https:\/\/api.w.org\/{rel}","templated":true}]}}