{"id":4379,"date":"2026-01-22T20:34:39","date_gmt":"2026-01-23T01:34:39","guid":{"rendered":"https:\/\/muertedepabloescobar.com\/?p=4379"},"modified":"2026-01-27T12:19:12","modified_gmt":"2026-01-27T17:19:12","slug":"despues-de-1993-seguridad-instituciones-y-transformacion-urbana-en-medellin","status":"publish","type":"post","link":"https:\/\/muertedepabloescobar.com\/?p=4379","title":{"rendered":"Despu\u00e9s de 1993: seguridad, instituciones y transformaci\u00f3n urbana en Medell\u00edn"},"content":{"rendered":"<p data-start=\"6823\" data-end=\"7333\">La muerte de Pablo Escobar el 2 de diciembre de 1993 suele presentarse como un \u201ccambio de era\u201d. En t\u00e9rminos hist\u00f3ricos, es m\u00e1s preciso verla como el inicio de una transici\u00f3n: una ciudad golpeada deb\u00eda redefinir prioridades, fortalecer capacidades estatales y, al mismo tiempo, reconocer que las violencias urbanas pod\u00edan reconfigurarse. La Medell\u00edn que hoy visitan millones de personas no naci\u00f3 de un d\u00eda para otro; fue el resultado de a\u00f1os de aprendizaje institucional y de presi\u00f3n social por vivir sin miedo.<\/p>\n<h2 data-start=\"7335\" data-end=\"7381\"><strong data-start=\"7335\" data-end=\"7381\">De la reacci\u00f3n a la construcci\u00f3n de Estado<\/strong><\/h2>\n<p data-start=\"7383\" data-end=\"8083\">Una parte del quiebre fue la necesidad de pasar de respuestas urgentes a pol\u00edticas m\u00e1s sostenidas. En los noventa, Medell\u00edn enfrent\u00f3 desaf\u00edos relacionados con control territorial, confianza ciudadana y debilitamiento institucional. Con el tiempo, se fue consolidando una agenda p\u00fablica que combin\u00f3 seguridad, justicia local, presencia institucional y programas sociales. La idea de fondo era simple pero exigente: si el Estado no llega con servicios, educaci\u00f3n, cultura y oportunidades, otros actores llenan el vac\u00edo con control y coerci\u00f3n. Por eso, tras 1993 cobr\u00f3 fuerza la idea de una presencia estatal integral, capaz de prevenir, investigar, sancionar y, a la vez, ofrecer alternativas sociales.<\/p>\n<h2 data-start=\"8085\" data-end=\"8139\"><strong data-start=\"8085\" data-end=\"8139\">Urbanismo social y espacio p\u00fablico como estrategia<\/strong><\/h2>\n<p data-start=\"8141\" data-end=\"8881\">La transformaci\u00f3n urbana de Medell\u00edn ha sido le\u00edda, dentro y fuera de Colombia, como un ejemplo de c\u00f3mo el espacio p\u00fablico puede contribuir a la convivencia. Bibliotecas, sistemas de transporte integrados, parques y equipamientos culturales se convirtieron en s\u00edmbolos de acceso y ciudadan\u00eda. En un enfoque hist\u00f3rico, estos procesos no deben narrarse como \u201cmilagros\u201d, sino como pol\u00edticas disputadas, sostenidas en el tiempo y acompa\u00f1adas por participaci\u00f3n comunitaria. Tambi\u00e9n conviene reconocer sus l\u00edmites: las mejoras urbanas no eliminan por s\u00ed solas la desigualdad, ni resuelven autom\u00e1ticamente disputas territoriales o econom\u00edas ilegales. Los cambios deben sostenerse con instituciones confiables, participaci\u00f3n y oportunidades reales.<\/p>\n<h2 data-start=\"8883\" data-end=\"8950\"><strong data-start=\"8883\" data-end=\"8950\">Memoria hist\u00f3rica y no repetici\u00f3n: la otra cara de la seguridad<\/strong><\/h2>\n<p data-start=\"8952\" data-end=\"9547\">La seguridad no es \u00fanicamente reducci\u00f3n de delitos; tambi\u00e9n es capacidad de una sociedad para procesar el pasado y proteger a las v\u00edctimas. Por eso, la memoria hist\u00f3rica es complementaria a las pol\u00edticas urbanas: documenta lo ocurrido, ubica impactos, reconoce resistencias y evita que el relato se reduzca a h\u00e9roes y villanos. Para estudiar estas din\u00e1micas, en Colombia existen instituciones dedicadas a conservar y analizar material documental y testimonios sobre las violencias asociadas al conflicto armado interno y otras violencias, para apoyar investigaciones, educaci\u00f3n y debate p\u00fablico.<\/p>\n<h2 data-start=\"9549\" data-end=\"9592\"><strong data-start=\"9549\" data-end=\"9592\">Qu\u00e9 mirar en un recorrido hist\u00f3rico hoy<\/strong><\/h2>\n<p data-start=\"9594\" data-end=\"10043\">Quien visita Medell\u00edn buscando entender los a\u00f1os 90 puede observar la ciudad como un mapa de capas: crisis, resistencias, reformas, aprendizajes. Un recorrido responsable ayuda a conectar lugares con contexto, a escuchar distintas voces y a entender que la transformaci\u00f3n fue posible por la combinaci\u00f3n de ciudadan\u00eda organizada e instituciones que, con aciertos y errores, fueron recuperando legitimidad. Esa mirada ayuda a aprender sin simplificar.<\/p>\n<p data-start=\"10045\" data-end=\"10214\">Referencia verificable: Centro Nacional de Memoria Hist\u00f3rica (entidad p\u00fablica colombiana): <a class=\"decorated-link\" href=\"https:\/\/centrodememoriahistorica.gov.co\/?utm_source=chatgpt.com\" target=\"_new\" rel=\"noopener\" data-start=\"10136\" data-end=\"10176\">https:\/\/centrodememoriahistorica.gov.co\/<\/a><\/p>\n<p data-start=\"10216\" data-end=\"10348\">Para conocer un espacio museogr\u00e1fico con enfoque pedag\u00f3gico y responsable, visita el museo oficial: <a class=\"decorated-link\" href=\"https:\/\/pabloescobargaviria.com\/\" target=\"_new\" rel=\"noopener\" data-start=\"10316\" data-end=\"10348\">https:\/\/pabloescobargaviria.com\/<\/a><\/p>\n","protected":false},"excerpt":{"rendered":"<p>La muerte de Pablo Escobar el 2 de diciembre de  [&#8230;]<\/p>\n","protected":false},"author":2,"featured_media":4380,"comment_status":"open","ping_status":"open","sticky":false,"template":"","format":"standard","meta":{"footnotes":""},"categories":[1],"tags":[],"class_list":["post-4379","post","type-post","status-publish","format-standard","has-post-thumbnail","hentry","category-uncategorized"],"yoast_head":"<!-- This site is optimized with the Yoast SEO plugin v26.8 - https:\/\/yoast.com\/product\/yoast-seo-wordpress\/ -->\n<title>Despu\u00e9s de 1993: seguridad, instituciones y transformaci\u00f3n urbana en Medell\u00edn - La Muerte de Pablo Escobar<\/title>\n<meta name=\"robots\" content=\"index, follow, max-snippet:-1, max-image-preview:large, max-video-preview:-1\" \/>\n<link rel=\"canonical\" href=\"https:\/\/muertedepabloescobar.com\/?p=4379\" \/>\n<meta property=\"og:locale\" content=\"es_ES\" \/>\n<meta property=\"og:type\" content=\"article\" \/>\n<meta property=\"og:title\" content=\"Despu\u00e9s de 1993: seguridad, instituciones y transformaci\u00f3n urbana en Medell\u00edn - La Muerte de Pablo Escobar\" \/>\n<meta property=\"og:description\" content=\"La muerte de Pablo Escobar el 2 de diciembre de [...]\" \/>\n<meta property=\"og:url\" content=\"https:\/\/muertedepabloescobar.com\/?p=4379\" \/>\n<meta property=\"og:site_name\" content=\"La Muerte de Pablo Escobar\" \/>\n<meta property=\"article:published_time\" content=\"2026-01-23T01:34:39+00:00\" \/>\n<meta property=\"article:modified_time\" content=\"2026-01-27T17:19:12+00:00\" \/>\n<meta name=\"author\" content=\"Administrador\" \/>\n<meta name=\"twitter:card\" content=\"summary_large_image\" \/>\n<meta name=\"twitter:label1\" content=\"Escrito por\" \/>\n\t<meta name=\"twitter:data1\" content=\"Administrador\" \/>\n\t<meta name=\"twitter:label2\" content=\"Tiempo de lectura\" \/>\n\t<meta name=\"twitter:data2\" content=\"3 minutos\" \/>\n<script type=\"application\/ld+json\" class=\"yoast-schema-graph\">{\"@context\":\"https:\/\/schema.org\",\"@graph\":[{\"@type\":\"Article\",\"@id\":\"https:\/\/muertedepabloescobar.com\/?p=4379#article\",\"isPartOf\":{\"@id\":\"https:\/\/muertedepabloescobar.com\/?p=4379\"},\"author\":{\"name\":\"Administrador\",\"@id\":\"https:\/\/muertedepabloescobar.com\/#\/schema\/person\/29fd12b8de2dff0c9d47d7b81b080b92\"},\"headline\":\"Despu\u00e9s de 1993: seguridad, instituciones y transformaci\u00f3n urbana en Medell\u00edn\",\"datePublished\":\"2026-01-23T01:34:39+00:00\",\"dateModified\":\"2026-01-27T17:19:12+00:00\",\"mainEntityOfPage\":{\"@id\":\"https:\/\/muertedepabloescobar.com\/?p=4379\"},\"wordCount\":568,\"commentCount\":0,\"publisher\":{\"@id\":\"https:\/\/muertedepabloescobar.com\/#organization\"},\"image\":{\"@id\":\"https:\/\/muertedepabloescobar.com\/?p=4379#primaryimage\"},\"thumbnailUrl\":\"https:\/\/muertedepabloescobar.com\/wp-content\/uploads\/2026\/01\/B5YKVLHUBFGGZIP6IWY57GW3SQ.avif\",\"articleSection\":[\"Uncategorized\"],\"inLanguage\":\"es\",\"potentialAction\":[{\"@type\":\"CommentAction\",\"name\":\"Comment\",\"target\":[\"https:\/\/muertedepabloescobar.com\/?p=4379#respond\"]}]},{\"@type\":\"WebPage\",\"@id\":\"https:\/\/muertedepabloescobar.com\/?p=4379\",\"url\":\"https:\/\/muertedepabloescobar.com\/?p=4379\",\"name\":\"Despu\u00e9s de 1993: seguridad, instituciones y transformaci\u00f3n urbana en Medell\u00edn - La Muerte de Pablo Escobar\",\"isPartOf\":{\"@id\":\"https:\/\/muertedepabloescobar.com\/#website\"},\"primaryImageOfPage\":{\"@id\":\"https:\/\/muertedepabloescobar.com\/?p=4379#primaryimage\"},\"image\":{\"@id\":\"https:\/\/muertedepabloescobar.com\/?p=4379#primaryimage\"},\"thumbnailUrl\":\"https:\/\/muertedepabloescobar.com\/wp-content\/uploads\/2026\/01\/B5YKVLHUBFGGZIP6IWY57GW3SQ.avif\",\"datePublished\":\"2026-01-23T01:34:39+00:00\",\"dateModified\":\"2026-01-27T17:19:12+00:00\",\"breadcrumb\":{\"@id\":\"https:\/\/muertedepabloescobar.com\/?p=4379#breadcrumb\"},\"inLanguage\":\"es\",\"potentialAction\":[{\"@type\":\"ReadAction\",\"target\":[\"https:\/\/muertedepabloescobar.com\/?p=4379\"]}]},{\"@type\":\"ImageObject\",\"inLanguage\":\"es\",\"@id\":\"https:\/\/muertedepabloescobar.com\/?p=4379#primaryimage\",\"url\":\"https:\/\/muertedepabloescobar.com\/wp-content\/uploads\/2026\/01\/B5YKVLHUBFGGZIP6IWY57GW3SQ.avif\",\"contentUrl\":\"https:\/\/muertedepabloescobar.com\/wp-content\/uploads\/2026\/01\/B5YKVLHUBFGGZIP6IWY57GW3SQ.avif\",\"width\":1280,\"height\":720},{\"@type\":\"BreadcrumbList\",\"@id\":\"https:\/\/muertedepabloescobar.com\/?p=4379#breadcrumb\",\"itemListElement\":[{\"@type\":\"ListItem\",\"position\":1,\"name\":\"Portada\",\"item\":\"https:\/\/muertedepabloescobar.com\/\"},{\"@type\":\"ListItem\",\"position\":2,\"name\":\"Despu\u00e9s de 1993: seguridad, instituciones y transformaci\u00f3n urbana en Medell\u00edn\"}]},{\"@type\":\"WebSite\",\"@id\":\"https:\/\/muertedepabloescobar.com\/#website\",\"url\":\"https:\/\/muertedepabloescobar.com\/\",\"name\":\"La Muerte de Pablo Escobar\",\"description\":\"\",\"publisher\":{\"@id\":\"https:\/\/muertedepabloescobar.com\/#organization\"},\"potentialAction\":[{\"@type\":\"SearchAction\",\"target\":{\"@type\":\"EntryPoint\",\"urlTemplate\":\"https:\/\/muertedepabloescobar.com\/?s={search_term_string}\"},\"query-input\":{\"@type\":\"PropertyValueSpecification\",\"valueRequired\":true,\"valueName\":\"search_term_string\"}}],\"inLanguage\":\"es\"},{\"@type\":\"Organization\",\"@id\":\"https:\/\/muertedepabloescobar.com\/#organization\",\"name\":\"La Muerte de Pablo Escobar\",\"url\":\"https:\/\/muertedepabloescobar.com\/\",\"logo\":{\"@type\":\"ImageObject\",\"inLanguage\":\"es\",\"@id\":\"https:\/\/muertedepabloescobar.com\/#\/schema\/logo\/image\/\",\"url\":\"https:\/\/muertedepabloescobar.com\/wp-content\/uploads\/2026\/01\/logo-pablo-escobar-dead-1.png\",\"contentUrl\":\"https:\/\/muertedepabloescobar.com\/wp-content\/uploads\/2026\/01\/logo-pablo-escobar-dead-1.png\",\"width\":593,\"height\":517,\"caption\":\"La Muerte de Pablo Escobar\"},\"image\":{\"@id\":\"https:\/\/muertedepabloescobar.com\/#\/schema\/logo\/image\/\"}},{\"@type\":\"Person\",\"@id\":\"https:\/\/muertedepabloescobar.com\/#\/schema\/person\/29fd12b8de2dff0c9d47d7b81b080b92\",\"name\":\"Administrador\",\"image\":{\"@type\":\"ImageObject\",\"inLanguage\":\"es\",\"@id\":\"https:\/\/muertedepabloescobar.com\/#\/schema\/person\/image\/\",\"url\":\"https:\/\/muertedepabloescobar.com\/wp-content\/litespeed\/avatar\/59afa9a3e8f26ada2a68b60d8630b706.jpg?ver=1777450194\",\"contentUrl\":\"https:\/\/muertedepabloescobar.com\/wp-content\/litespeed\/avatar\/59afa9a3e8f26ada2a68b60d8630b706.jpg?ver=1777450194\",\"caption\":\"Administrador\"},\"url\":\"https:\/\/muertedepabloescobar.com\/?author=2\"}]}<\/script>\n<!-- \/ Yoast SEO plugin. -->","yoast_head_json":{"title":"Despu\u00e9s de 1993: seguridad, instituciones y transformaci\u00f3n urbana en Medell\u00edn - La Muerte de Pablo Escobar","robots":{"index":"index","follow":"follow","max-snippet":"max-snippet:-1","max-image-preview":"max-image-preview:large","max-video-preview":"max-video-preview:-1"},"canonical":"https:\/\/muertedepabloescobar.com\/?p=4379","og_locale":"es_ES","og_type":"article","og_title":"Despu\u00e9s de 1993: seguridad, instituciones y transformaci\u00f3n urbana en Medell\u00edn - La Muerte de Pablo Escobar","og_description":"La muerte de Pablo Escobar el 2 de diciembre de [...]","og_url":"https:\/\/muertedepabloescobar.com\/?p=4379","og_site_name":"La Muerte de Pablo Escobar","article_published_time":"2026-01-23T01:34:39+00:00","article_modified_time":"2026-01-27T17:19:12+00:00","author":"Administrador","twitter_card":"summary_large_image","twitter_misc":{"Escrito por":"Administrador","Tiempo de lectura":"3 minutos"},"schema":{"@context":"https:\/\/schema.org","@graph":[{"@type":"Article","@id":"https:\/\/muertedepabloescobar.com\/?p=4379#article","isPartOf":{"@id":"https:\/\/muertedepabloescobar.com\/?p=4379"},"author":{"name":"Administrador","@id":"https:\/\/muertedepabloescobar.com\/#\/schema\/person\/29fd12b8de2dff0c9d47d7b81b080b92"},"headline":"Despu\u00e9s de 1993: seguridad, instituciones y transformaci\u00f3n urbana en Medell\u00edn","datePublished":"2026-01-23T01:34:39+00:00","dateModified":"2026-01-27T17:19:12+00:00","mainEntityOfPage":{"@id":"https:\/\/muertedepabloescobar.com\/?p=4379"},"wordCount":568,"commentCount":0,"publisher":{"@id":"https:\/\/muertedepabloescobar.com\/#organization"},"image":{"@id":"https:\/\/muertedepabloescobar.com\/?p=4379#primaryimage"},"thumbnailUrl":"https:\/\/muertedepabloescobar.com\/wp-content\/uploads\/2026\/01\/B5YKVLHUBFGGZIP6IWY57GW3SQ.avif","articleSection":["Uncategorized"],"inLanguage":"es","potentialAction":[{"@type":"CommentAction","name":"Comment","target":["https:\/\/muertedepabloescobar.com\/?p=4379#respond"]}]},{"@type":"WebPage","@id":"https:\/\/muertedepabloescobar.com\/?p=4379","url":"https:\/\/muertedepabloescobar.com\/?p=4379","name":"Despu\u00e9s de 1993: seguridad, instituciones y transformaci\u00f3n urbana en Medell\u00edn - La Muerte de Pablo Escobar","isPartOf":{"@id":"https:\/\/muertedepabloescobar.com\/#website"},"primaryImageOfPage":{"@id":"https:\/\/muertedepabloescobar.com\/?p=4379#primaryimage"},"image":{"@id":"https:\/\/muertedepabloescobar.com\/?p=4379#primaryimage"},"thumbnailUrl":"https:\/\/muertedepabloescobar.com\/wp-content\/uploads\/2026\/01\/B5YKVLHUBFGGZIP6IWY57GW3SQ.avif","datePublished":"2026-01-23T01:34:39+00:00","dateModified":"2026-01-27T17:19:12+00:00","breadcrumb":{"@id":"https:\/\/muertedepabloescobar.com\/?p=4379#breadcrumb"},"inLanguage":"es","potentialAction":[{"@type":"ReadAction","target":["https:\/\/muertedepabloescobar.com\/?p=4379"]}]},{"@type":"ImageObject","inLanguage":"es","@id":"https:\/\/muertedepabloescobar.com\/?p=4379#primaryimage","url":"https:\/\/muertedepabloescobar.com\/wp-content\/uploads\/2026\/01\/B5YKVLHUBFGGZIP6IWY57GW3SQ.avif","contentUrl":"https:\/\/muertedepabloescobar.com\/wp-content\/uploads\/2026\/01\/B5YKVLHUBFGGZIP6IWY57GW3SQ.avif","width":1280,"height":720},{"@type":"BreadcrumbList","@id":"https:\/\/muertedepabloescobar.com\/?p=4379#breadcrumb","itemListElement":[{"@type":"ListItem","position":1,"name":"Portada","item":"https:\/\/muertedepabloescobar.com\/"},{"@type":"ListItem","position":2,"name":"Despu\u00e9s de 1993: seguridad, instituciones y transformaci\u00f3n urbana en Medell\u00edn"}]},{"@type":"WebSite","@id":"https:\/\/muertedepabloescobar.com\/#website","url":"https:\/\/muertedepabloescobar.com\/","name":"La Muerte de Pablo Escobar","description":"","publisher":{"@id":"https:\/\/muertedepabloescobar.com\/#organization"},"potentialAction":[{"@type":"SearchAction","target":{"@type":"EntryPoint","urlTemplate":"https:\/\/muertedepabloescobar.com\/?s={search_term_string}"},"query-input":{"@type":"PropertyValueSpecification","valueRequired":true,"valueName":"search_term_string"}}],"inLanguage":"es"},{"@type":"Organization","@id":"https:\/\/muertedepabloescobar.com\/#organization","name":"La Muerte de Pablo Escobar","url":"https:\/\/muertedepabloescobar.com\/","logo":{"@type":"ImageObject","inLanguage":"es","@id":"https:\/\/muertedepabloescobar.com\/#\/schema\/logo\/image\/","url":"https:\/\/muertedepabloescobar.com\/wp-content\/uploads\/2026\/01\/logo-pablo-escobar-dead-1.png","contentUrl":"https:\/\/muertedepabloescobar.com\/wp-content\/uploads\/2026\/01\/logo-pablo-escobar-dead-1.png","width":593,"height":517,"caption":"La Muerte de Pablo Escobar"},"image":{"@id":"https:\/\/muertedepabloescobar.com\/#\/schema\/logo\/image\/"}},{"@type":"Person","@id":"https:\/\/muertedepabloescobar.com\/#\/schema\/person\/29fd12b8de2dff0c9d47d7b81b080b92","name":"Administrador","image":{"@type":"ImageObject","inLanguage":"es","@id":"https:\/\/muertedepabloescobar.com\/#\/schema\/person\/image\/","url":"https:\/\/muertedepabloescobar.com\/wp-content\/litespeed\/avatar\/59afa9a3e8f26ada2a68b60d8630b706.jpg?ver=1777450194","contentUrl":"https:\/\/muertedepabloescobar.com\/wp-content\/litespeed\/avatar\/59afa9a3e8f26ada2a68b60d8630b706.jpg?ver=1777450194","caption":"Administrador"},"url":"https:\/\/muertedepabloescobar.com\/?author=2"}]}},"_links":{"self":[{"href":"https:\/\/muertedepabloescobar.com\/index.php?rest_route=\/wp\/v2\/posts\/4379","targetHints":{"allow":["GET"]}}],"collection":[{"href":"https:\/\/muertedepabloescobar.com\/index.php?rest_route=\/wp\/v2\/posts"}],"about":[{"href":"https:\/\/muertedepabloescobar.com\/index.php?rest_route=\/wp\/v2\/types\/post"}],"author":[{"embeddable":true,"href":"https:\/\/muertedepabloescobar.com\/index.php?rest_route=\/wp\/v2\/users\/2"}],"replies":[{"embeddable":true,"href":"https:\/\/muertedepabloescobar.com\/index.php?rest_route=%2Fwp%2Fv2%2Fcomments&post=4379"}],"version-history":[{"count":1,"href":"https:\/\/muertedepabloescobar.com\/index.php?rest_route=\/wp\/v2\/posts\/4379\/revisions"}],"predecessor-version":[{"id":4381,"href":"https:\/\/muertedepabloescobar.com\/index.php?rest_route=\/wp\/v2\/posts\/4379\/revisions\/4381"}],"wp:featuredmedia":[{"embeddable":true,"href":"https:\/\/muertedepabloescobar.com\/index.php?rest_route=\/wp\/v2\/media\/4380"}],"wp:attachment":[{"href":"https:\/\/muertedepabloescobar.com\/index.php?rest_route=%2Fwp%2Fv2%2Fmedia&parent=4379"}],"wp:term":[{"taxonomy":"category","embeddable":true,"href":"https:\/\/muertedepabloescobar.com\/index.php?rest_route=%2Fwp%2Fv2%2Fcategories&post=4379"},{"taxonomy":"post_tag","embeddable":true,"href":"https:\/\/muertedepabloescobar.com\/index.php?rest_route=%2Fwp%2Fv2%2Ftags&post=4379"}],"curies":[{"name":"wp","href":"https:\/\/api.w.org\/{rel}","templated":true}]}}