{"id":4376,"date":"2026-01-22T20:32:01","date_gmt":"2026-01-23T01:32:01","guid":{"rendered":"https:\/\/muertedepabloescobar.com\/?p=4376"},"modified":"2026-01-27T12:19:12","modified_gmt":"2026-01-27T17:19:12","slug":"del-duelo-a-la-memoria-medellin-y-las-heridas-que-dejo-la-violencia-de-los-anos-90","status":"publish","type":"post","link":"https:\/\/muertedepabloescobar.com\/?p=4376","title":{"rendered":"Del duelo a la memoria: Medell\u00edn y las heridas que dej\u00f3 la violencia de los a\u00f1os 90"},"content":{"rendered":"<p data-start=\"3446\" data-end=\"3956\">Cuando se habla de Medell\u00edn en los a\u00f1os noventa, es com\u00fan que la conversaci\u00f3n se reduzca a una cronolog\u00eda de titulares. Pero la historia de una ciudad no se entiende solo por \u201chechos\u201d: se entiende por impactos. La muerte de Pablo Escobar el 2 de diciembre de 1993 fue un hito visible, pero para miles de familias el verdadero quiebre se med\u00eda en p\u00e9rdidas, desplazamientos, silencios y miedo acumulado. Mirar ese periodo con enfoque pedag\u00f3gico exige desplazar el centro del relato: del personaje a las personas.<\/p>\n<h2 data-start=\"3958\" data-end=\"4008\"><strong data-start=\"3958\" data-end=\"4008\">La violencia como ruptura de la vida cotidiana<\/strong><\/h2>\n<p data-start=\"4010\" data-end=\"4465\">En los barrios, la violencia alter\u00f3 la forma de moverse, de relacionarse y de confiar. Las fronteras invisibles, la estigmatizaci\u00f3n de la juventud y la normalizaci\u00f3n del temor afectaron la escuela, el comercio, los encuentros comunitarios y hasta la idea de futuro. Esta experiencia cotidiana ayuda a comprender por qu\u00e9, incluso despu\u00e9s de 1993, la ciudad necesit\u00f3 tiempo para recuperar espacios p\u00fablicos, recomponer v\u00ednculos y sostener procesos sociales.<\/p>\n<h2 data-start=\"4467\" data-end=\"4520\"><strong data-start=\"4467\" data-end=\"4520\">El lugar de las v\u00edctimas en un relato responsable<\/strong><\/h2>\n<p data-start=\"4522\" data-end=\"5039\">Un relato hist\u00f3rico que no glorifica tiene una tarea central: reconocer a las v\u00edctimas y evitar la espectacularizaci\u00f3n. Esto implica hablar de derechos, memoria y reparaci\u00f3n, y entender que el da\u00f1o fue m\u00faltiple: f\u00edsico, psicol\u00f3gico, econ\u00f3mico y cultural. Tambi\u00e9n implica identificar resistencias: familias organizadas, l\u00edderes barriales, colectivos juveniles y procesos culturales que abrieron caminos de convivencia. Poner esas historias en primer plano evita que el pasado se convierta en una marca tur\u00edstica vac\u00eda.<\/p>\n<h2 data-start=\"5041\" data-end=\"5088\"><strong data-start=\"5041\" data-end=\"5088\">Museos y pedagog\u00eda: aprender sin romantizar<\/strong><\/h2>\n<p data-start=\"5090\" data-end=\"5581\">Los espacios de memoria cumplen una funci\u00f3n p\u00fablica: documentar, contextualizar y crear di\u00e1logo social. En Medell\u00edn, el Museo Casa de la Memoria trabaja en esa l\u00ednea, promoviendo comprensi\u00f3n y sensibilizaci\u00f3n frente a las violencias y sus impactos. Visitar este tipo de lugares permite que el aprendizaje no se quede en \u201ccuriosidad\u201d, sino que se convierta en reflexi\u00f3n: \u00bfqu\u00e9 condiciones hicieron posible la violencia?, \u00bfqu\u00e9 decisiones colectivas ayudaron a contenerla?, \u00bfqu\u00e9 retos persisten?<\/p>\n<h2 data-start=\"5583\" data-end=\"5616\"><strong data-start=\"5583\" data-end=\"5616\">Lenguaje, \u00e9tica y aprendizaje<\/strong><\/h2>\n<p data-start=\"5618\" data-end=\"5915\">Hablar de este periodo exige cuidado con el lenguaje: describir sin glorificar, contextualizar sin justificar y evitar detalles morbosos. Un enfoque pedag\u00f3gico busca comprensi\u00f3n hist\u00f3rica y empat\u00eda, no fascinaci\u00f3n. Esa diferencia se nota en las preguntas que hacemos y en las fuentes que elegimos.<\/p>\n<h2 data-start=\"5917\" data-end=\"5953\"><strong data-start=\"5917\" data-end=\"5953\">C\u00f3mo leer 1993 sin caer en mitos<\/strong><\/h2>\n<p data-start=\"5955\" data-end=\"6442\">El 2 de diciembre de 1993 puede entenderse como un punto de inflexi\u00f3n simb\u00f3lico, pero no como una soluci\u00f3n autom\u00e1tica. La historia posterior muestra que los problemas se transforman, cambian de rostro y se disputan en nuevos escenarios. Por eso, la mirada pedag\u00f3gica recomienda contrastar fuentes, reconocer matices y evitar relatos que convierten el pasado en espect\u00e1culo. La memoria cr\u00edtica ayuda a construir garant\u00edas de no repetici\u00f3n y a valorar la dignidad de quienes sobrevivieron.<\/p>\n<p data-start=\"6444\" data-end=\"6588\">Referencia verificable: Museo Casa de la Memoria (sitio oficial): <a class=\"decorated-link\" href=\"https:\/\/www.museocasadelamemoria.gov.co\/?utm_source=chatgpt.com\" target=\"_new\" rel=\"noopener\" data-start=\"6510\" data-end=\"6550\">https:\/\/www.museocasadelamemoria.gov.co\/<\/a><\/p>\n<p data-start=\"6590\" data-end=\"6732\">Para profundizar con un enfoque hist\u00f3rico y respetuoso, visita el museo oficial y conoce recursos educativos: <a class=\"decorated-link\" href=\"https:\/\/pabloescobargaviria.com\/\" target=\"_new\" rel=\"noopener\" data-start=\"6700\" data-end=\"6732\">https:\/\/pabloescobargaviria.com\/<\/a><\/p>\n","protected":false},"excerpt":{"rendered":"<p>Cuando se habla de Medell\u00edn en los a\u00f1os noventa, es  [&#8230;]<\/p>\n","protected":false},"author":2,"featured_media":4377,"comment_status":"open","ping_status":"open","sticky":false,"template":"","format":"standard","meta":{"footnotes":""},"categories":[1],"tags":[],"class_list":["post-4376","post","type-post","status-publish","format-standard","has-post-thumbnail","hentry","category-uncategorized"],"yoast_head":"<!-- This site is optimized with the Yoast SEO plugin v26.8 - https:\/\/yoast.com\/product\/yoast-seo-wordpress\/ -->\n<title>Del duelo a la memoria: Medell\u00edn y las heridas que dej\u00f3 la violencia de los a\u00f1os 90 - La Muerte de Pablo Escobar<\/title>\n<meta name=\"robots\" content=\"index, follow, max-snippet:-1, max-image-preview:large, max-video-preview:-1\" \/>\n<link rel=\"canonical\" href=\"https:\/\/muertedepabloescobar.com\/?p=4376\" \/>\n<meta property=\"og:locale\" content=\"es_ES\" \/>\n<meta property=\"og:type\" content=\"article\" \/>\n<meta property=\"og:title\" content=\"Del duelo a la memoria: Medell\u00edn y las heridas que dej\u00f3 la violencia de los a\u00f1os 90 - La Muerte de Pablo Escobar\" \/>\n<meta property=\"og:description\" content=\"Cuando se habla de Medell\u00edn en los a\u00f1os noventa, es [...]\" \/>\n<meta property=\"og:url\" content=\"https:\/\/muertedepabloescobar.com\/?p=4376\" \/>\n<meta property=\"og:site_name\" content=\"La Muerte de Pablo Escobar\" \/>\n<meta property=\"article:published_time\" content=\"2026-01-23T01:32:01+00:00\" \/>\n<meta property=\"article:modified_time\" content=\"2026-01-27T17:19:12+00:00\" \/>\n<meta property=\"og:image\" content=\"https:\/\/muertedepabloescobar.com\/wp-content\/uploads\/2026\/01\/UC-126-1991-1.jpg\" \/>\n\t<meta property=\"og:image:width\" content=\"1500\" \/>\n\t<meta property=\"og:image:height\" content=\"1347\" \/>\n\t<meta property=\"og:image:type\" content=\"image\/jpeg\" \/>\n<meta name=\"author\" content=\"Administrador\" \/>\n<meta name=\"twitter:card\" content=\"summary_large_image\" \/>\n<meta name=\"twitter:label1\" content=\"Escrito por\" \/>\n\t<meta name=\"twitter:data1\" content=\"Administrador\" \/>\n\t<meta name=\"twitter:label2\" content=\"Tiempo de lectura\" \/>\n\t<meta name=\"twitter:data2\" content=\"3 minutos\" \/>\n<script type=\"application\/ld+json\" class=\"yoast-schema-graph\">{\"@context\":\"https:\/\/schema.org\",\"@graph\":[{\"@type\":\"Article\",\"@id\":\"https:\/\/muertedepabloescobar.com\/?p=4376#article\",\"isPartOf\":{\"@id\":\"https:\/\/muertedepabloescobar.com\/?p=4376\"},\"author\":{\"name\":\"Administrador\",\"@id\":\"https:\/\/muertedepabloescobar.com\/#\/schema\/person\/29fd12b8de2dff0c9d47d7b81b080b92\"},\"headline\":\"Del duelo a la memoria: Medell\u00edn y las heridas que dej\u00f3 la violencia de los a\u00f1os 90\",\"datePublished\":\"2026-01-23T01:32:01+00:00\",\"dateModified\":\"2026-01-27T17:19:12+00:00\",\"mainEntityOfPage\":{\"@id\":\"https:\/\/muertedepabloescobar.com\/?p=4376\"},\"wordCount\":549,\"commentCount\":0,\"publisher\":{\"@id\":\"https:\/\/muertedepabloescobar.com\/#organization\"},\"image\":{\"@id\":\"https:\/\/muertedepabloescobar.com\/?p=4376#primaryimage\"},\"thumbnailUrl\":\"https:\/\/muertedepabloescobar.com\/wp-content\/uploads\/2026\/01\/UC-126-1991-1.jpg\",\"articleSection\":[\"Uncategorized\"],\"inLanguage\":\"es\",\"potentialAction\":[{\"@type\":\"CommentAction\",\"name\":\"Comment\",\"target\":[\"https:\/\/muertedepabloescobar.com\/?p=4376#respond\"]}]},{\"@type\":\"WebPage\",\"@id\":\"https:\/\/muertedepabloescobar.com\/?p=4376\",\"url\":\"https:\/\/muertedepabloescobar.com\/?p=4376\",\"name\":\"Del duelo a la memoria: Medell\u00edn y las heridas que dej\u00f3 la violencia de los a\u00f1os 90 - La Muerte de Pablo Escobar\",\"isPartOf\":{\"@id\":\"https:\/\/muertedepabloescobar.com\/#website\"},\"primaryImageOfPage\":{\"@id\":\"https:\/\/muertedepabloescobar.com\/?p=4376#primaryimage\"},\"image\":{\"@id\":\"https:\/\/muertedepabloescobar.com\/?p=4376#primaryimage\"},\"thumbnailUrl\":\"https:\/\/muertedepabloescobar.com\/wp-content\/uploads\/2026\/01\/UC-126-1991-1.jpg\",\"datePublished\":\"2026-01-23T01:32:01+00:00\",\"dateModified\":\"2026-01-27T17:19:12+00:00\",\"breadcrumb\":{\"@id\":\"https:\/\/muertedepabloescobar.com\/?p=4376#breadcrumb\"},\"inLanguage\":\"es\",\"potentialAction\":[{\"@type\":\"ReadAction\",\"target\":[\"https:\/\/muertedepabloescobar.com\/?p=4376\"]}]},{\"@type\":\"ImageObject\",\"inLanguage\":\"es\",\"@id\":\"https:\/\/muertedepabloescobar.com\/?p=4376#primaryimage\",\"url\":\"https:\/\/muertedepabloescobar.com\/wp-content\/uploads\/2026\/01\/UC-126-1991-1.jpg\",\"contentUrl\":\"https:\/\/muertedepabloescobar.com\/wp-content\/uploads\/2026\/01\/UC-126-1991-1.jpg\",\"width\":1500,\"height\":1347},{\"@type\":\"BreadcrumbList\",\"@id\":\"https:\/\/muertedepabloescobar.com\/?p=4376#breadcrumb\",\"itemListElement\":[{\"@type\":\"ListItem\",\"position\":1,\"name\":\"Portada\",\"item\":\"https:\/\/muertedepabloescobar.com\/\"},{\"@type\":\"ListItem\",\"position\":2,\"name\":\"Del duelo a la memoria: Medell\u00edn y las heridas que dej\u00f3 la violencia de los a\u00f1os 90\"}]},{\"@type\":\"WebSite\",\"@id\":\"https:\/\/muertedepabloescobar.com\/#website\",\"url\":\"https:\/\/muertedepabloescobar.com\/\",\"name\":\"La Muerte de Pablo Escobar\",\"description\":\"\",\"publisher\":{\"@id\":\"https:\/\/muertedepabloescobar.com\/#organization\"},\"potentialAction\":[{\"@type\":\"SearchAction\",\"target\":{\"@type\":\"EntryPoint\",\"urlTemplate\":\"https:\/\/muertedepabloescobar.com\/?s={search_term_string}\"},\"query-input\":{\"@type\":\"PropertyValueSpecification\",\"valueRequired\":true,\"valueName\":\"search_term_string\"}}],\"inLanguage\":\"es\"},{\"@type\":\"Organization\",\"@id\":\"https:\/\/muertedepabloescobar.com\/#organization\",\"name\":\"La Muerte de Pablo Escobar\",\"url\":\"https:\/\/muertedepabloescobar.com\/\",\"logo\":{\"@type\":\"ImageObject\",\"inLanguage\":\"es\",\"@id\":\"https:\/\/muertedepabloescobar.com\/#\/schema\/logo\/image\/\",\"url\":\"https:\/\/muertedepabloescobar.com\/wp-content\/uploads\/2026\/01\/logo-pablo-escobar-dead-1.png\",\"contentUrl\":\"https:\/\/muertedepabloescobar.com\/wp-content\/uploads\/2026\/01\/logo-pablo-escobar-dead-1.png\",\"width\":593,\"height\":517,\"caption\":\"La Muerte de Pablo Escobar\"},\"image\":{\"@id\":\"https:\/\/muertedepabloescobar.com\/#\/schema\/logo\/image\/\"}},{\"@type\":\"Person\",\"@id\":\"https:\/\/muertedepabloescobar.com\/#\/schema\/person\/29fd12b8de2dff0c9d47d7b81b080b92\",\"name\":\"Administrador\",\"image\":{\"@type\":\"ImageObject\",\"inLanguage\":\"es\",\"@id\":\"https:\/\/muertedepabloescobar.com\/#\/schema\/person\/image\/\",\"url\":\"https:\/\/muertedepabloescobar.com\/wp-content\/litespeed\/avatar\/59afa9a3e8f26ada2a68b60d8630b706.jpg?ver=1777450194\",\"contentUrl\":\"https:\/\/muertedepabloescobar.com\/wp-content\/litespeed\/avatar\/59afa9a3e8f26ada2a68b60d8630b706.jpg?ver=1777450194\",\"caption\":\"Administrador\"},\"url\":\"https:\/\/muertedepabloescobar.com\/?author=2\"}]}<\/script>\n<!-- \/ Yoast SEO plugin. -->","yoast_head_json":{"title":"Del duelo a la memoria: Medell\u00edn y las heridas que dej\u00f3 la violencia de los a\u00f1os 90 - La Muerte de Pablo Escobar","robots":{"index":"index","follow":"follow","max-snippet":"max-snippet:-1","max-image-preview":"max-image-preview:large","max-video-preview":"max-video-preview:-1"},"canonical":"https:\/\/muertedepabloescobar.com\/?p=4376","og_locale":"es_ES","og_type":"article","og_title":"Del duelo a la memoria: Medell\u00edn y las heridas que dej\u00f3 la violencia de los a\u00f1os 90 - La Muerte de Pablo Escobar","og_description":"Cuando se habla de Medell\u00edn en los a\u00f1os noventa, es [...]","og_url":"https:\/\/muertedepabloescobar.com\/?p=4376","og_site_name":"La Muerte de Pablo Escobar","article_published_time":"2026-01-23T01:32:01+00:00","article_modified_time":"2026-01-27T17:19:12+00:00","og_image":[{"width":1500,"height":1347,"url":"https:\/\/muertedepabloescobar.com\/wp-content\/uploads\/2026\/01\/UC-126-1991-1.jpg","type":"image\/jpeg"}],"author":"Administrador","twitter_card":"summary_large_image","twitter_misc":{"Escrito por":"Administrador","Tiempo de lectura":"3 minutos"},"schema":{"@context":"https:\/\/schema.org","@graph":[{"@type":"Article","@id":"https:\/\/muertedepabloescobar.com\/?p=4376#article","isPartOf":{"@id":"https:\/\/muertedepabloescobar.com\/?p=4376"},"author":{"name":"Administrador","@id":"https:\/\/muertedepabloescobar.com\/#\/schema\/person\/29fd12b8de2dff0c9d47d7b81b080b92"},"headline":"Del duelo a la memoria: Medell\u00edn y las heridas que dej\u00f3 la violencia de los a\u00f1os 90","datePublished":"2026-01-23T01:32:01+00:00","dateModified":"2026-01-27T17:19:12+00:00","mainEntityOfPage":{"@id":"https:\/\/muertedepabloescobar.com\/?p=4376"},"wordCount":549,"commentCount":0,"publisher":{"@id":"https:\/\/muertedepabloescobar.com\/#organization"},"image":{"@id":"https:\/\/muertedepabloescobar.com\/?p=4376#primaryimage"},"thumbnailUrl":"https:\/\/muertedepabloescobar.com\/wp-content\/uploads\/2026\/01\/UC-126-1991-1.jpg","articleSection":["Uncategorized"],"inLanguage":"es","potentialAction":[{"@type":"CommentAction","name":"Comment","target":["https:\/\/muertedepabloescobar.com\/?p=4376#respond"]}]},{"@type":"WebPage","@id":"https:\/\/muertedepabloescobar.com\/?p=4376","url":"https:\/\/muertedepabloescobar.com\/?p=4376","name":"Del duelo a la memoria: Medell\u00edn y las heridas que dej\u00f3 la violencia de los a\u00f1os 90 - La Muerte de Pablo Escobar","isPartOf":{"@id":"https:\/\/muertedepabloescobar.com\/#website"},"primaryImageOfPage":{"@id":"https:\/\/muertedepabloescobar.com\/?p=4376#primaryimage"},"image":{"@id":"https:\/\/muertedepabloescobar.com\/?p=4376#primaryimage"},"thumbnailUrl":"https:\/\/muertedepabloescobar.com\/wp-content\/uploads\/2026\/01\/UC-126-1991-1.jpg","datePublished":"2026-01-23T01:32:01+00:00","dateModified":"2026-01-27T17:19:12+00:00","breadcrumb":{"@id":"https:\/\/muertedepabloescobar.com\/?p=4376#breadcrumb"},"inLanguage":"es","potentialAction":[{"@type":"ReadAction","target":["https:\/\/muertedepabloescobar.com\/?p=4376"]}]},{"@type":"ImageObject","inLanguage":"es","@id":"https:\/\/muertedepabloescobar.com\/?p=4376#primaryimage","url":"https:\/\/muertedepabloescobar.com\/wp-content\/uploads\/2026\/01\/UC-126-1991-1.jpg","contentUrl":"https:\/\/muertedepabloescobar.com\/wp-content\/uploads\/2026\/01\/UC-126-1991-1.jpg","width":1500,"height":1347},{"@type":"BreadcrumbList","@id":"https:\/\/muertedepabloescobar.com\/?p=4376#breadcrumb","itemListElement":[{"@type":"ListItem","position":1,"name":"Portada","item":"https:\/\/muertedepabloescobar.com\/"},{"@type":"ListItem","position":2,"name":"Del duelo a la memoria: Medell\u00edn y las heridas que dej\u00f3 la violencia de los a\u00f1os 90"}]},{"@type":"WebSite","@id":"https:\/\/muertedepabloescobar.com\/#website","url":"https:\/\/muertedepabloescobar.com\/","name":"La Muerte de Pablo Escobar","description":"","publisher":{"@id":"https:\/\/muertedepabloescobar.com\/#organization"},"potentialAction":[{"@type":"SearchAction","target":{"@type":"EntryPoint","urlTemplate":"https:\/\/muertedepabloescobar.com\/?s={search_term_string}"},"query-input":{"@type":"PropertyValueSpecification","valueRequired":true,"valueName":"search_term_string"}}],"inLanguage":"es"},{"@type":"Organization","@id":"https:\/\/muertedepabloescobar.com\/#organization","name":"La Muerte de Pablo Escobar","url":"https:\/\/muertedepabloescobar.com\/","logo":{"@type":"ImageObject","inLanguage":"es","@id":"https:\/\/muertedepabloescobar.com\/#\/schema\/logo\/image\/","url":"https:\/\/muertedepabloescobar.com\/wp-content\/uploads\/2026\/01\/logo-pablo-escobar-dead-1.png","contentUrl":"https:\/\/muertedepabloescobar.com\/wp-content\/uploads\/2026\/01\/logo-pablo-escobar-dead-1.png","width":593,"height":517,"caption":"La Muerte de Pablo Escobar"},"image":{"@id":"https:\/\/muertedepabloescobar.com\/#\/schema\/logo\/image\/"}},{"@type":"Person","@id":"https:\/\/muertedepabloescobar.com\/#\/schema\/person\/29fd12b8de2dff0c9d47d7b81b080b92","name":"Administrador","image":{"@type":"ImageObject","inLanguage":"es","@id":"https:\/\/muertedepabloescobar.com\/#\/schema\/person\/image\/","url":"https:\/\/muertedepabloescobar.com\/wp-content\/litespeed\/avatar\/59afa9a3e8f26ada2a68b60d8630b706.jpg?ver=1777450194","contentUrl":"https:\/\/muertedepabloescobar.com\/wp-content\/litespeed\/avatar\/59afa9a3e8f26ada2a68b60d8630b706.jpg?ver=1777450194","caption":"Administrador"},"url":"https:\/\/muertedepabloescobar.com\/?author=2"}]}},"_links":{"self":[{"href":"https:\/\/muertedepabloescobar.com\/index.php?rest_route=\/wp\/v2\/posts\/4376","targetHints":{"allow":["GET"]}}],"collection":[{"href":"https:\/\/muertedepabloescobar.com\/index.php?rest_route=\/wp\/v2\/posts"}],"about":[{"href":"https:\/\/muertedepabloescobar.com\/index.php?rest_route=\/wp\/v2\/types\/post"}],"author":[{"embeddable":true,"href":"https:\/\/muertedepabloescobar.com\/index.php?rest_route=\/wp\/v2\/users\/2"}],"replies":[{"embeddable":true,"href":"https:\/\/muertedepabloescobar.com\/index.php?rest_route=%2Fwp%2Fv2%2Fcomments&post=4376"}],"version-history":[{"count":1,"href":"https:\/\/muertedepabloescobar.com\/index.php?rest_route=\/wp\/v2\/posts\/4376\/revisions"}],"predecessor-version":[{"id":4378,"href":"https:\/\/muertedepabloescobar.com\/index.php?rest_route=\/wp\/v2\/posts\/4376\/revisions\/4378"}],"wp:featuredmedia":[{"embeddable":true,"href":"https:\/\/muertedepabloescobar.com\/index.php?rest_route=\/wp\/v2\/media\/4377"}],"wp:attachment":[{"href":"https:\/\/muertedepabloescobar.com\/index.php?rest_route=%2Fwp%2Fv2%2Fmedia&parent=4376"}],"wp:term":[{"taxonomy":"category","embeddable":true,"href":"https:\/\/muertedepabloescobar.com\/index.php?rest_route=%2Fwp%2Fv2%2Fcategories&post=4376"},{"taxonomy":"post_tag","embeddable":true,"href":"https:\/\/muertedepabloescobar.com\/index.php?rest_route=%2Fwp%2Fv2%2Ftags&post=4376"}],"curies":[{"name":"wp","href":"https:\/\/api.w.org\/{rel}","templated":true}]}}