{"id":4373,"date":"2026-01-22T20:27:11","date_gmt":"2026-01-23T01:27:11","guid":{"rendered":"https:\/\/muertedepabloescobar.com\/?p=4373"},"modified":"2026-01-27T12:19:12","modified_gmt":"2026-01-27T17:19:12","slug":"2-de-diciembre-de-1993-un-punto-de-quiebre-para-medellin-y-colombia","status":"publish","type":"post","link":"https:\/\/muertedepabloescobar.com\/?p=4373","title":{"rendered":"2 de diciembre de 1993: un punto de quiebre para Medell\u00edn y Colombia"},"content":{"rendered":"<p data-start=\"74\" data-end=\"537\">El 2 de diciembre de 1993 marc\u00f3 un antes y un despu\u00e9s en la historia reciente de Medell\u00edn. La muerte de Pablo Escobar se convirti\u00f3, para muchas personas dentro y fuera del pa\u00eds, en un s\u00edmbolo de cierre de una etapa. Sin embargo, entender ese d\u00eda \u00fanicamente como \u201cel final\u201d simplifica una realidad mucho m\u00e1s compleja: la violencia y las econom\u00edas ilegales no desaparecieron, y la ciudad tuvo que enfrentar a\u00f1os de recomposici\u00f3n social, institucional y territorial.<\/p>\n<h2 data-start=\"539\" data-end=\"591\"><strong data-start=\"539\" data-end=\"591\">Por qu\u00e9 esa fecha cambi\u00f3 la conversaci\u00f3n p\u00fablica<\/strong><\/h2>\n<p data-start=\"593\" data-end=\"1211\">En los a\u00f1os previos, Medell\u00edn vivi\u00f3 una acumulaci\u00f3n de miedo, estigmas y desconfianza. El impacto fue pol\u00edtico, comunitario y cultural: se alteraron rutinas, se fragmentaron barrios y se transform\u00f3 la forma de habitar el espacio urbano. Tras el 2 de diciembre, el debate p\u00fablico comenz\u00f3 a desplazarse de la persecuci\u00f3n de una figura a la necesidad de fortalecer instituciones, proteger a la ciudadan\u00eda y reconstruir confianza. Ese giro hizo visible algo esencial: el problema no era una sola persona, sino un entramado de violencias, corrupci\u00f3n y exclusi\u00f3n que exig\u00eda pol\u00edticas p\u00fablicas sostenidas y control ciudadano.<\/p>\n<h2 data-start=\"1213\" data-end=\"1282\"><strong data-start=\"1213\" data-end=\"1282\">La ciudad despu\u00e9s del \u201cpunto final\u201d: continuidad y transformaci\u00f3n<\/strong><\/h2>\n<p data-start=\"1284\" data-end=\"1747\">Un aprendizaje clave es que las violencias urbanas tienden a mutar. Cuando desaparece un actor visible, suelen aparecer otros mecanismos: disputas por rentas, control territorial, amenazas, silencios impuestos. Por eso, el periodo posterior a 1993 debe leerse como un proceso de transici\u00f3n: no una l\u00ednea recta hacia la \u201cnormalidad\u201d, sino una serie de esfuerzos p\u00fablicos y ciudadanos para contener el da\u00f1o, atender a v\u00edctimas y promover condiciones de convivencia.<\/p>\n<h2 data-start=\"1749\" data-end=\"1798\"><strong data-start=\"1749\" data-end=\"1798\">Memoria hist\u00f3rica: comprender para no repetir<\/strong><\/h2>\n<p data-start=\"1800\" data-end=\"2301\">Hablar de este tema con responsabilidad implica poner en el centro a las comunidades afectadas y reconocer que el da\u00f1o no se reduce a cifras. La memoria hist\u00f3rica ayuda a ubicar causas, impactos y resistencias: iniciativas culturales, redes comunitarias, organizaciones sociales y procesos pedag\u00f3gicos que se negaron a aceptar la violencia como destino. Tambi\u00e9n ayuda a desmontar mitos que romantizan el pasado y a recordar que la dignidad de las v\u00edctimas es el punto de partida para cualquier relato.<\/p>\n<h2 data-start=\"2303\" data-end=\"2331\"><strong data-start=\"2303\" data-end=\"2331\">Qu\u00e9 aprender hoy de 1993<\/strong><\/h2>\n<p data-start=\"2333\" data-end=\"2916\">Para visitantes interesados en historia colombiana, la fecha del 2 de diciembre es una puerta de entrada para entender c\u00f3mo una ciudad puede caer en crisis y, aun as\u00ed, activar capacidades de transformaci\u00f3n. La Medell\u00edn contempor\u00e1nea no se explica sin esas heridas, pero tampoco sin las respuestas c\u00edvicas e institucionales que fueron emergiendo. Un enfoque pedag\u00f3gico no busca impresionar: busca explicar contextos, consecuencias y lecciones, y promover conversaciones informadas sobre el presente. Tambi\u00e9n invita a contrastar fuentes y a escuchar testimonios de quienes resistieron.<\/p>\n<p data-start=\"2918\" data-end=\"3168\">Referencia verificable: \u201cMedell\u00edn: memorias de una guerra urbana (1980\u20132014)\u201d, Biblioteca Virtual del Banco de la Rep\u00fablica (Banrepcultural): <a class=\"decorated-link\" href=\"https:\/\/babel.banrepcultural.org\/digital\/collection\/p17054coll2\/id\/112?utm_source=chatgpt.com\" target=\"_new\" rel=\"noopener\" data-start=\"3060\" data-end=\"3130\">https:\/\/babel.banrepcultural.org\/digital\/collection\/p17054coll2\/id\/112<\/a><\/p>\n<p data-start=\"3170\" data-end=\"3349\">Si quieres profundizar en este cap\u00edtulo con una mirada hist\u00f3rica y respetuosa, visita el museo oficial y conoce recursos pedag\u00f3gicos y recorridos: <a class=\"decorated-link\" href=\"https:\/\/pabloescobargaviria.com\/\" target=\"_new\" rel=\"noopener\" data-start=\"3317\" data-end=\"3349\">https:\/\/pabloescobargaviria.com\/<\/a><\/p>\n","protected":false},"excerpt":{"rendered":"<p>El 2 de diciembre de 1993 marc\u00f3 un antes y  [&#8230;]<\/p>\n","protected":false},"author":2,"featured_media":4374,"comment_status":"open","ping_status":"open","sticky":false,"template":"","format":"standard","meta":{"footnotes":""},"categories":[1],"tags":[],"class_list":["post-4373","post","type-post","status-publish","format-standard","has-post-thumbnail","hentry","category-uncategorized"],"yoast_head":"<!-- This site is optimized with the Yoast SEO plugin v26.8 - https:\/\/yoast.com\/product\/yoast-seo-wordpress\/ -->\n<title>2 de diciembre de 1993: un punto de quiebre para Medell\u00edn y Colombia - La Muerte de Pablo Escobar<\/title>\n<meta name=\"robots\" content=\"index, follow, max-snippet:-1, max-image-preview:large, max-video-preview:-1\" \/>\n<link rel=\"canonical\" href=\"https:\/\/muertedepabloescobar.com\/?p=4373\" \/>\n<meta property=\"og:locale\" content=\"es_ES\" \/>\n<meta property=\"og:type\" content=\"article\" \/>\n<meta property=\"og:title\" content=\"2 de diciembre de 1993: un punto de quiebre para Medell\u00edn y Colombia - La Muerte de Pablo Escobar\" \/>\n<meta property=\"og:description\" content=\"El 2 de diciembre de 1993 marc\u00f3 un antes y [...]\" \/>\n<meta property=\"og:url\" content=\"https:\/\/muertedepabloescobar.com\/?p=4373\" \/>\n<meta property=\"og:site_name\" content=\"La Muerte de Pablo Escobar\" \/>\n<meta property=\"article:published_time\" content=\"2026-01-23T01:27:11+00:00\" \/>\n<meta property=\"article:modified_time\" content=\"2026-01-27T17:19:12+00:00\" \/>\n<meta property=\"og:image\" content=\"https:\/\/muertedepabloescobar.com\/wp-content\/uploads\/2026\/01\/imagen-1993-muerte-ok_49138014_20251031091328.jpg\" \/>\n\t<meta property=\"og:image:width\" content=\"780\" \/>\n\t<meta property=\"og:image:height\" content=\"565\" \/>\n\t<meta property=\"og:image:type\" content=\"image\/jpeg\" \/>\n<meta name=\"author\" content=\"Administrador\" \/>\n<meta name=\"twitter:card\" content=\"summary_large_image\" \/>\n<meta name=\"twitter:label1\" content=\"Escrito por\" \/>\n\t<meta name=\"twitter:data1\" content=\"Administrador\" \/>\n\t<meta name=\"twitter:label2\" content=\"Tiempo de lectura\" \/>\n\t<meta name=\"twitter:data2\" content=\"3 minutos\" \/>\n<script type=\"application\/ld+json\" class=\"yoast-schema-graph\">{\"@context\":\"https:\/\/schema.org\",\"@graph\":[{\"@type\":\"Article\",\"@id\":\"https:\/\/muertedepabloescobar.com\/?p=4373#article\",\"isPartOf\":{\"@id\":\"https:\/\/muertedepabloescobar.com\/?p=4373\"},\"author\":{\"name\":\"Administrador\",\"@id\":\"https:\/\/muertedepabloescobar.com\/#\/schema\/person\/29fd12b8de2dff0c9d47d7b81b080b92\"},\"headline\":\"2 de diciembre de 1993: un punto de quiebre para Medell\u00edn y Colombia\",\"datePublished\":\"2026-01-23T01:27:11+00:00\",\"dateModified\":\"2026-01-27T17:19:12+00:00\",\"mainEntityOfPage\":{\"@id\":\"https:\/\/muertedepabloescobar.com\/?p=4373\"},\"wordCount\":536,\"commentCount\":0,\"publisher\":{\"@id\":\"https:\/\/muertedepabloescobar.com\/#organization\"},\"image\":{\"@id\":\"https:\/\/muertedepabloescobar.com\/?p=4373#primaryimage\"},\"thumbnailUrl\":\"https:\/\/muertedepabloescobar.com\/wp-content\/uploads\/2026\/01\/imagen-1993-muerte-ok_49138014_20251031091328.jpg\",\"articleSection\":[\"Uncategorized\"],\"inLanguage\":\"es\",\"potentialAction\":[{\"@type\":\"CommentAction\",\"name\":\"Comment\",\"target\":[\"https:\/\/muertedepabloescobar.com\/?p=4373#respond\"]}]},{\"@type\":\"WebPage\",\"@id\":\"https:\/\/muertedepabloescobar.com\/?p=4373\",\"url\":\"https:\/\/muertedepabloescobar.com\/?p=4373\",\"name\":\"2 de diciembre de 1993: un punto de quiebre para Medell\u00edn y Colombia - La Muerte de Pablo Escobar\",\"isPartOf\":{\"@id\":\"https:\/\/muertedepabloescobar.com\/#website\"},\"primaryImageOfPage\":{\"@id\":\"https:\/\/muertedepabloescobar.com\/?p=4373#primaryimage\"},\"image\":{\"@id\":\"https:\/\/muertedepabloescobar.com\/?p=4373#primaryimage\"},\"thumbnailUrl\":\"https:\/\/muertedepabloescobar.com\/wp-content\/uploads\/2026\/01\/imagen-1993-muerte-ok_49138014_20251031091328.jpg\",\"datePublished\":\"2026-01-23T01:27:11+00:00\",\"dateModified\":\"2026-01-27T17:19:12+00:00\",\"breadcrumb\":{\"@id\":\"https:\/\/muertedepabloescobar.com\/?p=4373#breadcrumb\"},\"inLanguage\":\"es\",\"potentialAction\":[{\"@type\":\"ReadAction\",\"target\":[\"https:\/\/muertedepabloescobar.com\/?p=4373\"]}]},{\"@type\":\"ImageObject\",\"inLanguage\":\"es\",\"@id\":\"https:\/\/muertedepabloescobar.com\/?p=4373#primaryimage\",\"url\":\"https:\/\/muertedepabloescobar.com\/wp-content\/uploads\/2026\/01\/imagen-1993-muerte-ok_49138014_20251031091328.jpg\",\"contentUrl\":\"https:\/\/muertedepabloescobar.com\/wp-content\/uploads\/2026\/01\/imagen-1993-muerte-ok_49138014_20251031091328.jpg\",\"width\":780,\"height\":565},{\"@type\":\"BreadcrumbList\",\"@id\":\"https:\/\/muertedepabloescobar.com\/?p=4373#breadcrumb\",\"itemListElement\":[{\"@type\":\"ListItem\",\"position\":1,\"name\":\"Portada\",\"item\":\"https:\/\/muertedepabloescobar.com\/\"},{\"@type\":\"ListItem\",\"position\":2,\"name\":\"2 de diciembre de 1993: un punto de quiebre para Medell\u00edn y Colombia\"}]},{\"@type\":\"WebSite\",\"@id\":\"https:\/\/muertedepabloescobar.com\/#website\",\"url\":\"https:\/\/muertedepabloescobar.com\/\",\"name\":\"La Muerte de Pablo Escobar\",\"description\":\"\",\"publisher\":{\"@id\":\"https:\/\/muertedepabloescobar.com\/#organization\"},\"potentialAction\":[{\"@type\":\"SearchAction\",\"target\":{\"@type\":\"EntryPoint\",\"urlTemplate\":\"https:\/\/muertedepabloescobar.com\/?s={search_term_string}\"},\"query-input\":{\"@type\":\"PropertyValueSpecification\",\"valueRequired\":true,\"valueName\":\"search_term_string\"}}],\"inLanguage\":\"es\"},{\"@type\":\"Organization\",\"@id\":\"https:\/\/muertedepabloescobar.com\/#organization\",\"name\":\"La Muerte de Pablo Escobar\",\"url\":\"https:\/\/muertedepabloescobar.com\/\",\"logo\":{\"@type\":\"ImageObject\",\"inLanguage\":\"es\",\"@id\":\"https:\/\/muertedepabloescobar.com\/#\/schema\/logo\/image\/\",\"url\":\"https:\/\/muertedepabloescobar.com\/wp-content\/uploads\/2026\/01\/logo-pablo-escobar-dead-1.png\",\"contentUrl\":\"https:\/\/muertedepabloescobar.com\/wp-content\/uploads\/2026\/01\/logo-pablo-escobar-dead-1.png\",\"width\":593,\"height\":517,\"caption\":\"La Muerte de Pablo Escobar\"},\"image\":{\"@id\":\"https:\/\/muertedepabloescobar.com\/#\/schema\/logo\/image\/\"}},{\"@type\":\"Person\",\"@id\":\"https:\/\/muertedepabloescobar.com\/#\/schema\/person\/29fd12b8de2dff0c9d47d7b81b080b92\",\"name\":\"Administrador\",\"image\":{\"@type\":\"ImageObject\",\"inLanguage\":\"es\",\"@id\":\"https:\/\/muertedepabloescobar.com\/#\/schema\/person\/image\/\",\"url\":\"https:\/\/muertedepabloescobar.com\/wp-content\/litespeed\/avatar\/59afa9a3e8f26ada2a68b60d8630b706.jpg?ver=1777450194\",\"contentUrl\":\"https:\/\/muertedepabloescobar.com\/wp-content\/litespeed\/avatar\/59afa9a3e8f26ada2a68b60d8630b706.jpg?ver=1777450194\",\"caption\":\"Administrador\"},\"url\":\"https:\/\/muertedepabloescobar.com\/?author=2\"}]}<\/script>\n<!-- \/ Yoast SEO plugin. -->","yoast_head_json":{"title":"2 de diciembre de 1993: un punto de quiebre para Medell\u00edn y Colombia - La Muerte de Pablo Escobar","robots":{"index":"index","follow":"follow","max-snippet":"max-snippet:-1","max-image-preview":"max-image-preview:large","max-video-preview":"max-video-preview:-1"},"canonical":"https:\/\/muertedepabloescobar.com\/?p=4373","og_locale":"es_ES","og_type":"article","og_title":"2 de diciembre de 1993: un punto de quiebre para Medell\u00edn y Colombia - La Muerte de Pablo Escobar","og_description":"El 2 de diciembre de 1993 marc\u00f3 un antes y [...]","og_url":"https:\/\/muertedepabloescobar.com\/?p=4373","og_site_name":"La Muerte de Pablo Escobar","article_published_time":"2026-01-23T01:27:11+00:00","article_modified_time":"2026-01-27T17:19:12+00:00","og_image":[{"width":780,"height":565,"url":"https:\/\/muertedepabloescobar.com\/wp-content\/uploads\/2026\/01\/imagen-1993-muerte-ok_49138014_20251031091328.jpg","type":"image\/jpeg"}],"author":"Administrador","twitter_card":"summary_large_image","twitter_misc":{"Escrito por":"Administrador","Tiempo de lectura":"3 minutos"},"schema":{"@context":"https:\/\/schema.org","@graph":[{"@type":"Article","@id":"https:\/\/muertedepabloescobar.com\/?p=4373#article","isPartOf":{"@id":"https:\/\/muertedepabloescobar.com\/?p=4373"},"author":{"name":"Administrador","@id":"https:\/\/muertedepabloescobar.com\/#\/schema\/person\/29fd12b8de2dff0c9d47d7b81b080b92"},"headline":"2 de diciembre de 1993: un punto de quiebre para Medell\u00edn y Colombia","datePublished":"2026-01-23T01:27:11+00:00","dateModified":"2026-01-27T17:19:12+00:00","mainEntityOfPage":{"@id":"https:\/\/muertedepabloescobar.com\/?p=4373"},"wordCount":536,"commentCount":0,"publisher":{"@id":"https:\/\/muertedepabloescobar.com\/#organization"},"image":{"@id":"https:\/\/muertedepabloescobar.com\/?p=4373#primaryimage"},"thumbnailUrl":"https:\/\/muertedepabloescobar.com\/wp-content\/uploads\/2026\/01\/imagen-1993-muerte-ok_49138014_20251031091328.jpg","articleSection":["Uncategorized"],"inLanguage":"es","potentialAction":[{"@type":"CommentAction","name":"Comment","target":["https:\/\/muertedepabloescobar.com\/?p=4373#respond"]}]},{"@type":"WebPage","@id":"https:\/\/muertedepabloescobar.com\/?p=4373","url":"https:\/\/muertedepabloescobar.com\/?p=4373","name":"2 de diciembre de 1993: un punto de quiebre para Medell\u00edn y Colombia - La Muerte de Pablo Escobar","isPartOf":{"@id":"https:\/\/muertedepabloescobar.com\/#website"},"primaryImageOfPage":{"@id":"https:\/\/muertedepabloescobar.com\/?p=4373#primaryimage"},"image":{"@id":"https:\/\/muertedepabloescobar.com\/?p=4373#primaryimage"},"thumbnailUrl":"https:\/\/muertedepabloescobar.com\/wp-content\/uploads\/2026\/01\/imagen-1993-muerte-ok_49138014_20251031091328.jpg","datePublished":"2026-01-23T01:27:11+00:00","dateModified":"2026-01-27T17:19:12+00:00","breadcrumb":{"@id":"https:\/\/muertedepabloescobar.com\/?p=4373#breadcrumb"},"inLanguage":"es","potentialAction":[{"@type":"ReadAction","target":["https:\/\/muertedepabloescobar.com\/?p=4373"]}]},{"@type":"ImageObject","inLanguage":"es","@id":"https:\/\/muertedepabloescobar.com\/?p=4373#primaryimage","url":"https:\/\/muertedepabloescobar.com\/wp-content\/uploads\/2026\/01\/imagen-1993-muerte-ok_49138014_20251031091328.jpg","contentUrl":"https:\/\/muertedepabloescobar.com\/wp-content\/uploads\/2026\/01\/imagen-1993-muerte-ok_49138014_20251031091328.jpg","width":780,"height":565},{"@type":"BreadcrumbList","@id":"https:\/\/muertedepabloescobar.com\/?p=4373#breadcrumb","itemListElement":[{"@type":"ListItem","position":1,"name":"Portada","item":"https:\/\/muertedepabloescobar.com\/"},{"@type":"ListItem","position":2,"name":"2 de diciembre de 1993: un punto de quiebre para Medell\u00edn y Colombia"}]},{"@type":"WebSite","@id":"https:\/\/muertedepabloescobar.com\/#website","url":"https:\/\/muertedepabloescobar.com\/","name":"La Muerte de Pablo Escobar","description":"","publisher":{"@id":"https:\/\/muertedepabloescobar.com\/#organization"},"potentialAction":[{"@type":"SearchAction","target":{"@type":"EntryPoint","urlTemplate":"https:\/\/muertedepabloescobar.com\/?s={search_term_string}"},"query-input":{"@type":"PropertyValueSpecification","valueRequired":true,"valueName":"search_term_string"}}],"inLanguage":"es"},{"@type":"Organization","@id":"https:\/\/muertedepabloescobar.com\/#organization","name":"La Muerte de Pablo Escobar","url":"https:\/\/muertedepabloescobar.com\/","logo":{"@type":"ImageObject","inLanguage":"es","@id":"https:\/\/muertedepabloescobar.com\/#\/schema\/logo\/image\/","url":"https:\/\/muertedepabloescobar.com\/wp-content\/uploads\/2026\/01\/logo-pablo-escobar-dead-1.png","contentUrl":"https:\/\/muertedepabloescobar.com\/wp-content\/uploads\/2026\/01\/logo-pablo-escobar-dead-1.png","width":593,"height":517,"caption":"La Muerte de Pablo Escobar"},"image":{"@id":"https:\/\/muertedepabloescobar.com\/#\/schema\/logo\/image\/"}},{"@type":"Person","@id":"https:\/\/muertedepabloescobar.com\/#\/schema\/person\/29fd12b8de2dff0c9d47d7b81b080b92","name":"Administrador","image":{"@type":"ImageObject","inLanguage":"es","@id":"https:\/\/muertedepabloescobar.com\/#\/schema\/person\/image\/","url":"https:\/\/muertedepabloescobar.com\/wp-content\/litespeed\/avatar\/59afa9a3e8f26ada2a68b60d8630b706.jpg?ver=1777450194","contentUrl":"https:\/\/muertedepabloescobar.com\/wp-content\/litespeed\/avatar\/59afa9a3e8f26ada2a68b60d8630b706.jpg?ver=1777450194","caption":"Administrador"},"url":"https:\/\/muertedepabloescobar.com\/?author=2"}]}},"_links":{"self":[{"href":"https:\/\/muertedepabloescobar.com\/index.php?rest_route=\/wp\/v2\/posts\/4373","targetHints":{"allow":["GET"]}}],"collection":[{"href":"https:\/\/muertedepabloescobar.com\/index.php?rest_route=\/wp\/v2\/posts"}],"about":[{"href":"https:\/\/muertedepabloescobar.com\/index.php?rest_route=\/wp\/v2\/types\/post"}],"author":[{"embeddable":true,"href":"https:\/\/muertedepabloescobar.com\/index.php?rest_route=\/wp\/v2\/users\/2"}],"replies":[{"embeddable":true,"href":"https:\/\/muertedepabloescobar.com\/index.php?rest_route=%2Fwp%2Fv2%2Fcomments&post=4373"}],"version-history":[{"count":1,"href":"https:\/\/muertedepabloescobar.com\/index.php?rest_route=\/wp\/v2\/posts\/4373\/revisions"}],"predecessor-version":[{"id":4375,"href":"https:\/\/muertedepabloescobar.com\/index.php?rest_route=\/wp\/v2\/posts\/4373\/revisions\/4375"}],"wp:featuredmedia":[{"embeddable":true,"href":"https:\/\/muertedepabloescobar.com\/index.php?rest_route=\/wp\/v2\/media\/4374"}],"wp:attachment":[{"href":"https:\/\/muertedepabloescobar.com\/index.php?rest_route=%2Fwp%2Fv2%2Fmedia&parent=4373"}],"wp:term":[{"taxonomy":"category","embeddable":true,"href":"https:\/\/muertedepabloescobar.com\/index.php?rest_route=%2Fwp%2Fv2%2Fcategories&post=4373"},{"taxonomy":"post_tag","embeddable":true,"href":"https:\/\/muertedepabloescobar.com\/index.php?rest_route=%2Fwp%2Fv2%2Ftags&post=4373"}],"curies":[{"name":"wp","href":"https:\/\/api.w.org\/{rel}","templated":true}]}}